{"id":76,"date":"2013-08-27T14:35:57","date_gmt":"2013-08-27T14:35:57","guid":{"rendered":"http:\/\/www.fontaneroygas.es\/averias\/?p=76"},"modified":"2023-12-08T19:32:31","modified_gmt":"2023-12-08T19:32:31","slug":"reparacion-de-calderas-tlf-616-39-28-39-tlf-688-276-178","status":"publish","type":"post","link":"http:\/\/www.fontaneroygas.es\/averias\/reparacion-de-calderas-tlf-616-39-28-39-tlf-688-276-178\/","title":{"rendered":"REPARACI\u00d3N DE CALDERAS, DIAGNOSTICO, DETECCI\u00d3N AVER\u00cdAS    TLF: 616 39 28 39"},"content":{"rendered":"<h2><span style=\"color: #0000ff;\"><span style=\"color: #008080;\"><em><span style=\"color: #0000ff;\"><b>&nbsp;<\/b><\/span><\/em><\/span><\/span><\/h2>\n<h2><span style=\"color: #0000ff;\"><span style=\"color: #008080;\"><em><span style=\"color: #0000ff;\"><b>&nbsp;<\/b><\/span><\/em><\/span><\/span><strong><em><span style=\"color: #3366ff;\">Reparaci\u00f3n de calderas, Instalador de gas autorizado, tecnico de&nbsp; calderas en Madrid Norte,&nbsp; Alcobendas, San Sebastian de Los Reyes, Fuente el Saz de Jarama, Algete, Cobe\u00f1a, El Casar, Valdetorres de Jarama, Talamanca de Jarama, Daganzo de Arriba, Alalpardo<\/span><\/em><\/strong><\/h2>\n<p><strong>AVERIAS MAS COMUNES:<\/strong><\/p>\n<p><strong><span style=\"color: #008080;\">&nbsp;Una de las aver\u00edas m\u00e1s comunes en la Reparaci\u00f3n de calderas, diagn\u00f3stico aver\u00edas <\/span>&nbsp;en la marca chaffoteaux y en roca, es que abre el agua caliente y sale fr\u00eda o templada, y si toca los radiadores est\u00e1n calientes , est\u00e1 fallando la valvula de tres vias, el precio de esta reparaci\u00f3n oscila entre los <span style=\"color: #ff0000;\">200 y 300 euros.<\/span>&nbsp;Tambi\u00e9n puede darse esta aver\u00eda en junkers y en saunier duval, a veces en cointra y vaillant, ser\u00e1 su servicio t\u00e9cnico quien determine dicha aver\u00eda y su precio de reparaci\u00f3n de caldera.<\/strong><\/p>\n<ul>\n<li><strong><span style=\"color: #008080;\">&nbsp;Otra <span style=\"color: #008080;\">aver\u00eda<\/span> muy com\u00fan<\/span> es que tira agua por debajo, todas las marcas dan por igual esta aver\u00eda, quiz\u00e1s junkers destaque un poco, pero igual para roca, chaffoteaux, vaillant, cointra, saunier duval&#8230; por otra parte si le tira a usted agua por la v\u00e1lvula de seguridad. Si es cuando enciende la calefacci\u00f3n es muy probable que el vaso de expansi\u00f3n est\u00e9 averiado.&nbsp; Si lo hace en todo momento incluso con la calefacci\u00f3n apagada, es muy posible que se haya picado el intercambiador de calor. En ambos casos la reparaci\u00f3n de caldera es entre los<span style=\"color: #ff0000;\"> 300 y los 500 euros<\/span>.<\/strong><\/li>\n<li><span style=\"color: #008080;\"><b style=\"color: #008080;\">Reparaci\u00f3n <\/b><b style=\"color: #008080;\">caldera de gas y de gasoil:<\/b><\/span><\/li>\n<li><strong>En invierno aver\u00eda t\u00edpica: no funciona la calefacci\u00f3n, avise usted al servicio t\u00e9cnico, pueden estar fallando:<\/strong><\/li>\n<li><strong>El termostato ambiente roto, la bomba de circulaci\u00f3n se ha averiado, el circuito electr\u00f3nico de la caldera se ha averiado. Si hay que cambiar la bomba o el circuito electr\u00f3nico su precio var\u00eda entre los <span style=\"color: #ff0000;\">250 y los 350 euros.<\/span><\/strong><\/li>\n<li><span style=\"color: #ff0000;\"><b style=\"color: #ff0000;\"><span style=\"color: #000000;\">Tambi\u00e9n y por \u00faltimo una reparaci\u00f3n&nbsp; de caldera con repuestos&nbsp; de&nbsp; <\/span><\/b><span style=\"color: #000000;\"><b style=\"color: #000000;\">segunda<\/b><b style=\"color: #000000;\"> mano 150-200\u20ac resulta <\/b><span style=\"color: #000000;\"><b>m\u00e1s<\/b><\/span><b style=\"color: #000000;\"> <\/b><span style=\"color: #000000;\"><b>econ\u00f3mico porque no merece la pena invertir mucho en una caldera muy antigua.<\/b><\/span><\/span><\/span><\/li>\n<\/ul>\n<p><span style=\"color: #008080;\"><em><strong><a href=\"http:\/\/www.fontaneroygas.es\/averias\/wp-content\/uploads\/2013\/08\/Themanox-F25e-9-1.jpg\"><img loading=\"lazy\" class=\"alignleft size-medium wp-image-719\" src=\"http:\/\/www.fontaneroygas.es\/averias\/wp-content\/uploads\/2013\/08\/Themanox-F25e-9-1-225x300.jpg\" alt=\"\" width=\"225\" height=\"300\" srcset=\"http:\/\/www.fontaneroygas.es\/averias\/wp-content\/uploads\/2013\/08\/Themanox-F25e-9-1-225x300.jpg 225w, http:\/\/www.fontaneroygas.es\/averias\/wp-content\/uploads\/2013\/08\/Themanox-F25e-9-1.jpg 768w\" sizes=\"(max-width: 225px) 100vw, 225px\" \/><\/a><a href=\"http:\/\/www.fontaneroygas.es\/averias\/wp-content\/uploads\/2013\/08\/Reparacion-Roca-R-20-24.jpg\"><br><img loading=\"lazy\" class=\"alignleft size-medium wp-image-625\" src=\"http:\/\/www.fontaneroygas.es\/averias\/wp-content\/uploads\/2013\/08\/Reparacion-Roca-R-20-24-225x300.jpg\" alt=\"\" width=\"225\" height=\"300\" srcset=\"http:\/\/www.fontaneroygas.es\/averias\/wp-content\/uploads\/2013\/08\/Reparacion-Roca-R-20-24-225x300.jpg 225w, http:\/\/www.fontaneroygas.es\/averias\/wp-content\/uploads\/2013\/08\/Reparacion-Roca-R-20-24.jpg 768w\" sizes=\"(max-width: 225px) 100vw, 225px\" \/><\/a><\/strong><\/em><\/span><b><\/b><b><\/b><\/p>\n<p><strong><span style=\"color: #008080;\"><em>T\u00e9cnicos, Instaladores autorizados. Revisamos tu instalaci\u00f3n de calefacci\u00f3n. Especialistas en todo tipo de calefacci\u00f3n de gas, gas\u00f3leo. <\/em><\/span><span style=\"color: #008080;\"><em>Todas las marcas de calderas y calefactores.&nbsp;<\/em><\/span><span style=\"color: #008080;\"><em>Reparaci\u00f3n y mantenimiento de calderas diagn\u00f3stico, detecci\u00f3n&nbsp;aver\u00edas.<\/em><\/span><\/strong><\/p>\n<div class=\"tx\">\n<div class=\"tx\">&nbsp;<\/div>\n<\/div>\n<div class=\"tx\">\n<div class=\"tx\">&nbsp;<\/div>\n<\/div>\n\n\n<figure class=\"wp-block-image is-resized\"><a href=\"https:\/\/www.fontaneroygas.es\/averias\/repuestos-calderas-gas-tlf616-39-28-39-tlf-688-276-178\/\"><img loading=\"lazy\" src=\"https:\/\/www.fontaneroygas.es\/averias\/wp-content\/uploads\/2020\/03\/Repar-Cald-Gas-calef-1.jpg\" alt=\"\" class=\"wp-image-1120\" width=\"580\" height=\"773\" srcset=\"http:\/\/www.fontaneroygas.es\/averias\/wp-content\/uploads\/2020\/03\/Repar-Cald-Gas-calef-1.jpg 768w, http:\/\/www.fontaneroygas.es\/averias\/wp-content\/uploads\/2020\/03\/Repar-Cald-Gas-calef-1-225x300.jpg 225w\" sizes=\"(max-width: 580px) 100vw, 580px\" \/><\/a><\/figure>\n\n\n<figure class=\"wp-block-image\"><a href=\"http:\/\/www.fontaneroygas.es\/averias\/calderas-estancas\/\"><img loading=\"lazy\" class=\"alignnone wp-image-1122\" title=\"&nbsp;Reparaci\u00f3n de calderas, Instalador de gas autorizado, tecnico de&nbsp; calderas en Madrid Norte,\" src=\"https:\/\/www.fontaneroygas.es\/averias\/wp-content\/uploads\/2020\/03\/Vaso-exp-Themaclasic-F24e-2-1.jpg\" alt=\"&nbsp;Reparaci\u00f3n de calderas, Instalador de gas autorizado, tecnico de&nbsp; calderas en Madrid Norte,\" width=\"768\" height=\"1024\" srcset=\"http:\/\/www.fontaneroygas.es\/averias\/wp-content\/uploads\/2020\/03\/Vaso-exp-Themaclasic-F24e-2-1.jpg 768w, http:\/\/www.fontaneroygas.es\/averias\/wp-content\/uploads\/2020\/03\/Vaso-exp-Themaclasic-F24e-2-1-225x300.jpg 225w\" sizes=\"(max-width: 768px) 100vw, 768px\" \/><\/a><\/figure>\n<figure class=\"wp-block-image\"><img loading=\"lazy\" width=\"576\" height=\"1024\" class=\"wp-image-1123\" src=\"https:\/\/www.fontaneroygas.es\/averias\/wp-content\/uploads\/2020\/03\/CAMBIO-GAS-CELSIUS-WT-11-21-rotated.jpg\" alt=\"\" srcset=\"http:\/\/www.fontaneroygas.es\/averias\/wp-content\/uploads\/2020\/03\/CAMBIO-GAS-CELSIUS-WT-11-21-rotated.jpg 576w, http:\/\/www.fontaneroygas.es\/averias\/wp-content\/uploads\/2020\/03\/CAMBIO-GAS-CELSIUS-WT-11-21-169x300.jpg 169w\" sizes=\"(max-width: 576px) 100vw, 576px\" \/><figcaption>Transformaci\u00f3n familia de Gas<\/figcaption><\/figure>\n<figure class=\"wp-block-image\"><img loading=\"lazy\" width=\"768\" height=\"1024\" class=\"wp-image-1124\" src=\"https:\/\/www.fontaneroygas.es\/averias\/wp-content\/uploads\/2020\/03\/Reparacion-Roca-R-20-12.jpg\" alt=\"\" srcset=\"http:\/\/www.fontaneroygas.es\/averias\/wp-content\/uploads\/2020\/03\/Reparacion-Roca-R-20-12.jpg 768w, http:\/\/www.fontaneroygas.es\/averias\/wp-content\/uploads\/2020\/03\/Reparacion-Roca-R-20-12-225x300.jpg 225w\" sizes=\"(max-width: 768px) 100vw, 768px\" \/><p><\/p>\n<figcaption><strong>Reparaci\u00f3n de calderas, diagn\u00f3stico aver\u00edas <\/strong><a href=\"https:\/\/www.fontaneroygas.es\/averias\/reparacion-de-calderas-tlf-616-39-28-39-tlf-688-276-178\/\">https:\/\/www.fontaneroygas.es\/averias\/reparacion-de-calderas-tlf-616-39-28-39-tlf-688-276-178\/<\/a><\/figcaption>\n<\/figure>\n<figure class=\"wp-block-image\"><a href=\"http:\/\/www.fontaneroygas.es\/averias\/reparaciones-calderas-gas-urgencias-24-horas\/\"><img loading=\"lazy\" width=\"768\" height=\"1024\" class=\"wp-image-1125\" src=\"https:\/\/www.fontaneroygas.es\/averias\/wp-content\/uploads\/2020\/03\/Reparar-Calderas-Boris-2.jpg\" alt=\"\" srcset=\"http:\/\/www.fontaneroygas.es\/averias\/wp-content\/uploads\/2020\/03\/Reparar-Calderas-Boris-2.jpg 768w, http:\/\/www.fontaneroygas.es\/averias\/wp-content\/uploads\/2020\/03\/Reparar-Calderas-Boris-2-225x300.jpg 225w\" sizes=\"(max-width: 768px) 100vw, 768px\" \/><\/a><p><\/p>\n<figcaption>Instalador de Gas, T\u00e9cnico APMR calderas<a href=\"https:\/\/www.fontaneroygas.es\/averias\/instaladores-gas-autorizados-reparacion-de-calderas-y-calentadores-averias-tlf-616-39-28-39\/\">https:\/\/www.fontaneroygas.es\/averias\/instaladores-gas-autorizados-reparacion-de-calderas-y-calentadores-averias-tlf-616-39-28-39\/<\/a><\/figcaption>\n<\/figure>","protected":false},"excerpt":{"rendered":"<p>&nbsp; &nbsp;Reparaci\u00f3n de calderas, Instalador de gas autorizado, tecnico de&nbsp; calderas en Madrid Norte,&nbsp; Alcobendas, San Sebastian de Los Reyes, Fuente el Saz de Jarama, Algete, Cobe\u00f1a, El Casar, Valdetorres de Jarama, Talamanca de Jarama, Daganzo de Arriba, Alalpardo AVERIAS MAS COMUNES: &nbsp;Una de las aver\u00edas m\u00e1s comunes en la Reparaci\u00f3n de calderas, diagn\u00f3stico aver\u00edas&hellip; <br \/> <a class=\"read-more\" href=\"http:\/\/www.fontaneroygas.es\/averias\/reparacion-de-calderas-tlf-616-39-28-39-tlf-688-276-178\/\">Leer m\u00e1s<\/a><\/p>\n","protected":false},"author":1,"featured_media":1546,"comment_status":"closed","ping_status":"closed","sticky":false,"template":"","format":"standard","meta":[],"categories":[54,43],"tags":[53,26,27,7,8,51],"yoast_head":"<!-- This site is optimized with the Yoast SEO plugin v20.5 - https:\/\/yoast.com\/wordpress\/plugins\/seo\/ -->\n<title>Reparacion de calderas e instalaciones de gas y calefacci\u00f3n<\/title>\n<meta name=\"description\" content=\"Reparaci\u00f3n de calderas, diagnosticar la aver\u00eda y si no le interesa el presupuesto, disponemos de calderas de segunda mano o nuevas.\" \/>\n<meta name=\"robots\" content=\"index, follow, max-snippet:-1, max-image-preview:large, max-video-preview:-1\" \/>\n<link rel=\"canonical\" href=\"https:\/\/www.fontaneroygas.es\/averias\/reparacion-de-calderas-tlf-616-39-28-39-tlf-688-276-178\/\" \/>\n<meta property=\"og:locale\" content=\"es_ES\" \/>\n<meta property=\"og:type\" content=\"article\" \/>\n<meta property=\"og:title\" content=\"Reparacion de calderas e instalaciones de gas y calefacci\u00f3n\" \/>\n<meta property=\"og:description\" content=\"Reparaci\u00f3n de calderas, diagnosticar la aver\u00eda y si no le interesa el presupuesto, disponemos de calderas de segunda mano o nuevas.\" \/>\n<meta property=\"og:url\" content=\"https:\/\/www.fontaneroygas.es\/averias\/reparacion-de-calderas-tlf-616-39-28-39-tlf-688-276-178\/\" \/>\n<meta property=\"og:site_name\" content=\"REPARACION DE CALDERAS E INSTALACIONES DE GAS Y CALEFACCI\u00d3N\" \/>\n<meta property=\"article:published_time\" content=\"2013-08-27T14:35:57+00:00\" \/>\n<meta property=\"article:modified_time\" content=\"2023-12-08T19:32:31+00:00\" \/>\n<meta property=\"og:image\" content=\"https:\/\/www.fontaneroygas.es\/averias\/wp-content\/uploads\/2013\/08\/REPARAR-CALDERAS-MULTIMARCAS.jpg\" \/>\n\t<meta property=\"og:image:width\" content=\"696\" \/>\n\t<meta property=\"og:image:height\" content=\"424\" \/>\n\t<meta property=\"og:image:type\" content=\"image\/jpeg\" \/>\n<meta name=\"author\" content=\"fonta-gas\" \/>\n<meta name=\"twitter:card\" content=\"summary_large_image\" \/>\n<meta name=\"twitter:label1\" content=\"Escrito por\" \/>\n\t<meta name=\"twitter:data1\" content=\"fonta-gas\" \/>\n\t<meta name=\"twitter:label2\" content=\"Tiempo de lectura\" \/>\n\t<meta name=\"twitter:data2\" content=\"4 minutos\" \/>\n<script type=\"application\/ld+json\" class=\"yoast-schema-graph\">{\"@context\":\"https:\/\/schema.org\",\"@graph\":[{\"@type\":\"Article\",\"@id\":\"https:\/\/www.fontaneroygas.es\/averias\/reparacion-de-calderas-tlf-616-39-28-39-tlf-688-276-178\/#article\",\"isPartOf\":{\"@id\":\"https:\/\/www.fontaneroygas.es\/averias\/reparacion-de-calderas-tlf-616-39-28-39-tlf-688-276-178\/\"},\"author\":{\"name\":\"fonta-gas\",\"@id\":\"https:\/\/www.fontaneroygas.es\/averias\/#\/schema\/person\/b3811899428677ec8d60bf476870968f\"},\"headline\":\"REPARACI\u00d3N DE CALDERAS, DIAGNOSTICO, DETECCI\u00d3N AVER\u00cdAS TLF: 616 39 28 39\",\"datePublished\":\"2013-08-27T14:35:57+00:00\",\"dateModified\":\"2023-12-08T19:32:31+00:00\",\"mainEntityOfPage\":{\"@id\":\"https:\/\/www.fontaneroygas.es\/averias\/reparacion-de-calderas-tlf-616-39-28-39-tlf-688-276-178\/\"},\"wordCount\":459,\"publisher\":{\"@id\":\"https:\/\/www.fontaneroygas.es\/averias\/#\/schema\/person\/b3811899428677ec8d60bf476870968f\"},\"keywords\":[\"AVER\u00cdAS\",\"CALDERAS Y CALENTADORES DE GAS\",\"CALEFACCI\u00d3N\",\"FONTANER\u00cdA\",\"GAS\",\"REPARACI\u00d3N DE CALDERAS Y CALENTADORES\"],\"articleSection\":[\"REPARACI\u00d3N DE CALDERAS DIAGN\u00d3STICO Y DETECCI\u00d3N DE AVER\u00cdAS\",\"REPARACION DE CALDERAS E INSTALACIONES DE GAS CALDERAS Y CALEFACCI\u00d3N\"],\"inLanguage\":\"es\"},{\"@type\":\"WebPage\",\"@id\":\"https:\/\/www.fontaneroygas.es\/averias\/reparacion-de-calderas-tlf-616-39-28-39-tlf-688-276-178\/\",\"url\":\"https:\/\/www.fontaneroygas.es\/averias\/reparacion-de-calderas-tlf-616-39-28-39-tlf-688-276-178\/\",\"name\":\"Reparacion de calderas e instalaciones de gas y calefacci\u00f3n\",\"isPartOf\":{\"@id\":\"https:\/\/www.fontaneroygas.es\/averias\/#website\"},\"datePublished\":\"2013-08-27T14:35:57+00:00\",\"dateModified\":\"2023-12-08T19:32:31+00:00\",\"description\":\"Reparaci\u00f3n de calderas, diagnosticar la aver\u00eda y si no le interesa el presupuesto, disponemos de calderas de segunda mano o nuevas.\",\"breadcrumb\":{\"@id\":\"https:\/\/www.fontaneroygas.es\/averias\/reparacion-de-calderas-tlf-616-39-28-39-tlf-688-276-178\/#breadcrumb\"},\"inLanguage\":\"es\",\"potentialAction\":[{\"@type\":\"ReadAction\",\"target\":[\"https:\/\/www.fontaneroygas.es\/averias\/reparacion-de-calderas-tlf-616-39-28-39-tlf-688-276-178\/\"]}]},{\"@type\":\"BreadcrumbList\",\"@id\":\"https:\/\/www.fontaneroygas.es\/averias\/reparacion-de-calderas-tlf-616-39-28-39-tlf-688-276-178\/#breadcrumb\",\"itemListElement\":[{\"@type\":\"ListItem\",\"position\":1,\"name\":\"inicio\",\"item\":\"https:\/\/www.fontaneroygas.es\/averias\/\"},{\"@type\":\"ListItem\",\"position\":2,\"name\":\"REPARACION DE CALDERAS E INSTALACIONES DE GAS CALDERAS Y CALEFACCI\u00d3N\",\"item\":\"https:\/\/www.fontaneroygas.es\/averias\/category\/reparacion-de-calderas-e-instalaciones-de-gas-calderas-y-calefaccion\/\"},{\"@type\":\"ListItem\",\"position\":3,\"name\":\"REPARACI\u00d3N DE CALDERAS DIAGN\u00d3STICO Y DETECCI\u00d3N DE AVER\u00cdAS\",\"item\":\"https:\/\/www.fontaneroygas.es\/averias\/category\/reparacion-de-calderas-e-instalaciones-de-gas-calderas-y-calefaccion\/reparacion-de-calderas-diagnostico-y-deteccion-de-averias\/\"},{\"@type\":\"ListItem\",\"position\":4,\"name\":\"REPARACI\u00d3N DE CALDERAS, DIAGNOSTICO, DETECCI\u00d3N AVER\u00cdAS TLF: 616 39 28 39\"}]},{\"@type\":\"WebSite\",\"@id\":\"https:\/\/www.fontaneroygas.es\/averias\/#website\",\"url\":\"https:\/\/www.fontaneroygas.es\/averias\/\",\"name\":\"Reparacion de calderas, instalaciones de gas, calefacci\u00f3n\",\"description\":\" \",\"publisher\":{\"@id\":\"https:\/\/www.fontaneroygas.es\/averias\/#\/schema\/person\/b3811899428677ec8d60bf476870968f\"},\"potentialAction\":[{\"@type\":\"SearchAction\",\"target\":{\"@type\":\"EntryPoint\",\"urlTemplate\":\"https:\/\/www.fontaneroygas.es\/averias\/?s={search_term_string}\"},\"query-input\":\"required name=search_term_string\"}],\"inLanguage\":\"es\"},{\"@type\":[\"Person\",\"Organization\"],\"@id\":\"https:\/\/www.fontaneroygas.es\/averias\/#\/schema\/person\/b3811899428677ec8d60bf476870968f\",\"name\":\"fonta-gas\",\"image\":{\"@type\":\"ImageObject\",\"inLanguage\":\"es\",\"@id\":\"https:\/\/www.fontaneroygas.es\/averias\/#\/schema\/person\/image\/\",\"url\":\"http:\/\/2.gravatar.com\/avatar\/5c386f1ce0a8331061d80e2c5f6504c8?s=96&d=mm&r=g\",\"contentUrl\":\"http:\/\/2.gravatar.com\/avatar\/5c386f1ce0a8331061d80e2c5f6504c8?s=96&d=mm&r=g\",\"caption\":\"fonta-gas\"},\"logo\":{\"@id\":\"https:\/\/www.fontaneroygas.es\/averias\/#\/schema\/person\/image\/\"}}]}<\/script>\n<!-- \/ Yoast SEO plugin. -->","yoast_head_json":{"title":"Reparacion de calderas e instalaciones de gas y calefacci\u00f3n","description":"Reparaci\u00f3n de calderas, diagnosticar la aver\u00eda y si no le interesa el presupuesto, disponemos de calderas de segunda mano o nuevas.","robots":{"index":"index","follow":"follow","max-snippet":"max-snippet:-1","max-image-preview":"max-image-preview:large","max-video-preview":"max-video-preview:-1"},"canonical":"https:\/\/www.fontaneroygas.es\/averias\/reparacion-de-calderas-tlf-616-39-28-39-tlf-688-276-178\/","og_locale":"es_ES","og_type":"article","og_title":"Reparacion de calderas e instalaciones de gas y calefacci\u00f3n","og_description":"Reparaci\u00f3n de calderas, diagnosticar la aver\u00eda y si no le interesa el presupuesto, disponemos de calderas de segunda mano o nuevas.","og_url":"https:\/\/www.fontaneroygas.es\/averias\/reparacion-de-calderas-tlf-616-39-28-39-tlf-688-276-178\/","og_site_name":"REPARACION DE CALDERAS E INSTALACIONES DE GAS Y CALEFACCI\u00d3N","article_published_time":"2013-08-27T14:35:57+00:00","article_modified_time":"2023-12-08T19:32:31+00:00","og_image":[{"width":696,"height":424,"url":"https:\/\/www.fontaneroygas.es\/averias\/wp-content\/uploads\/2013\/08\/REPARAR-CALDERAS-MULTIMARCAS.jpg","type":"image\/jpeg"}],"author":"fonta-gas","twitter_card":"summary_large_image","twitter_misc":{"Escrito por":"fonta-gas","Tiempo de lectura":"4 minutos"},"schema":{"@context":"https:\/\/schema.org","@graph":[{"@type":"Article","@id":"https:\/\/www.fontaneroygas.es\/averias\/reparacion-de-calderas-tlf-616-39-28-39-tlf-688-276-178\/#article","isPartOf":{"@id":"https:\/\/www.fontaneroygas.es\/averias\/reparacion-de-calderas-tlf-616-39-28-39-tlf-688-276-178\/"},"author":{"name":"fonta-gas","@id":"https:\/\/www.fontaneroygas.es\/averias\/#\/schema\/person\/b3811899428677ec8d60bf476870968f"},"headline":"REPARACI\u00d3N DE CALDERAS, DIAGNOSTICO, DETECCI\u00d3N AVER\u00cdAS TLF: 616 39 28 39","datePublished":"2013-08-27T14:35:57+00:00","dateModified":"2023-12-08T19:32:31+00:00","mainEntityOfPage":{"@id":"https:\/\/www.fontaneroygas.es\/averias\/reparacion-de-calderas-tlf-616-39-28-39-tlf-688-276-178\/"},"wordCount":459,"publisher":{"@id":"https:\/\/www.fontaneroygas.es\/averias\/#\/schema\/person\/b3811899428677ec8d60bf476870968f"},"keywords":["AVER\u00cdAS","CALDERAS Y CALENTADORES DE GAS","CALEFACCI\u00d3N","FONTANER\u00cdA","GAS","REPARACI\u00d3N DE CALDERAS Y CALENTADORES"],"articleSection":["REPARACI\u00d3N DE CALDERAS DIAGN\u00d3STICO Y DETECCI\u00d3N DE AVER\u00cdAS","REPARACION DE CALDERAS E INSTALACIONES DE GAS CALDERAS Y CALEFACCI\u00d3N"],"inLanguage":"es"},{"@type":"WebPage","@id":"https:\/\/www.fontaneroygas.es\/averias\/reparacion-de-calderas-tlf-616-39-28-39-tlf-688-276-178\/","url":"https:\/\/www.fontaneroygas.es\/averias\/reparacion-de-calderas-tlf-616-39-28-39-tlf-688-276-178\/","name":"Reparacion de calderas e instalaciones de gas y calefacci\u00f3n","isPartOf":{"@id":"https:\/\/www.fontaneroygas.es\/averias\/#website"},"datePublished":"2013-08-27T14:35:57+00:00","dateModified":"2023-12-08T19:32:31+00:00","description":"Reparaci\u00f3n de calderas, diagnosticar la aver\u00eda y si no le interesa el presupuesto, disponemos de calderas de segunda mano o nuevas.","breadcrumb":{"@id":"https:\/\/www.fontaneroygas.es\/averias\/reparacion-de-calderas-tlf-616-39-28-39-tlf-688-276-178\/#breadcrumb"},"inLanguage":"es","potentialAction":[{"@type":"ReadAction","target":["https:\/\/www.fontaneroygas.es\/averias\/reparacion-de-calderas-tlf-616-39-28-39-tlf-688-276-178\/"]}]},{"@type":"BreadcrumbList","@id":"https:\/\/www.fontaneroygas.es\/averias\/reparacion-de-calderas-tlf-616-39-28-39-tlf-688-276-178\/#breadcrumb","itemListElement":[{"@type":"ListItem","position":1,"name":"inicio","item":"https:\/\/www.fontaneroygas.es\/averias\/"},{"@type":"ListItem","position":2,"name":"REPARACION DE CALDERAS E INSTALACIONES DE GAS CALDERAS Y CALEFACCI\u00d3N","item":"https:\/\/www.fontaneroygas.es\/averias\/category\/reparacion-de-calderas-e-instalaciones-de-gas-calderas-y-calefaccion\/"},{"@type":"ListItem","position":3,"name":"REPARACI\u00d3N DE CALDERAS DIAGN\u00d3STICO Y DETECCI\u00d3N DE AVER\u00cdAS","item":"https:\/\/www.fontaneroygas.es\/averias\/category\/reparacion-de-calderas-e-instalaciones-de-gas-calderas-y-calefaccion\/reparacion-de-calderas-diagnostico-y-deteccion-de-averias\/"},{"@type":"ListItem","position":4,"name":"REPARACI\u00d3N DE CALDERAS, DIAGNOSTICO, DETECCI\u00d3N AVER\u00cdAS TLF: 616 39 28 39"}]},{"@type":"WebSite","@id":"https:\/\/www.fontaneroygas.es\/averias\/#website","url":"https:\/\/www.fontaneroygas.es\/averias\/","name":"Reparacion de calderas, instalaciones de gas, calefacci\u00f3n","description":" ","publisher":{"@id":"https:\/\/www.fontaneroygas.es\/averias\/#\/schema\/person\/b3811899428677ec8d60bf476870968f"},"potentialAction":[{"@type":"SearchAction","target":{"@type":"EntryPoint","urlTemplate":"https:\/\/www.fontaneroygas.es\/averias\/?s={search_term_string}"},"query-input":"required name=search_term_string"}],"inLanguage":"es"},{"@type":["Person","Organization"],"@id":"https:\/\/www.fontaneroygas.es\/averias\/#\/schema\/person\/b3811899428677ec8d60bf476870968f","name":"fonta-gas","image":{"@type":"ImageObject","inLanguage":"es","@id":"https:\/\/www.fontaneroygas.es\/averias\/#\/schema\/person\/image\/","url":"http:\/\/2.gravatar.com\/avatar\/5c386f1ce0a8331061d80e2c5f6504c8?s=96&d=mm&r=g","contentUrl":"http:\/\/2.gravatar.com\/avatar\/5c386f1ce0a8331061d80e2c5f6504c8?s=96&d=mm&r=g","caption":"fonta-gas"},"logo":{"@id":"https:\/\/www.fontaneroygas.es\/averias\/#\/schema\/person\/image\/"}}]}},"_links":{"self":[{"href":"http:\/\/www.fontaneroygas.es\/averias\/wp-json\/wp\/v2\/posts\/76"}],"collection":[{"href":"http:\/\/www.fontaneroygas.es\/averias\/wp-json\/wp\/v2\/posts"}],"about":[{"href":"http:\/\/www.fontaneroygas.es\/averias\/wp-json\/wp\/v2\/types\/post"}],"author":[{"embeddable":true,"href":"http:\/\/www.fontaneroygas.es\/averias\/wp-json\/wp\/v2\/users\/1"}],"replies":[{"embeddable":true,"href":"http:\/\/www.fontaneroygas.es\/averias\/wp-json\/wp\/v2\/comments?post=76"}],"version-history":[{"count":79,"href":"http:\/\/www.fontaneroygas.es\/averias\/wp-json\/wp\/v2\/posts\/76\/revisions"}],"predecessor-version":[{"id":1591,"href":"http:\/\/www.fontaneroygas.es\/averias\/wp-json\/wp\/v2\/posts\/76\/revisions\/1591"}],"wp:featuredmedia":[{"embeddable":true,"href":"http:\/\/www.fontaneroygas.es\/averias\/wp-json\/wp\/v2\/media\/1546"}],"wp:attachment":[{"href":"http:\/\/www.fontaneroygas.es\/averias\/wp-json\/wp\/v2\/media?parent=76"}],"wp:term":[{"taxonomy":"category","embeddable":true,"href":"http:\/\/www.fontaneroygas.es\/averias\/wp-json\/wp\/v2\/categories?post=76"},{"taxonomy":"post_tag","embeddable":true,"href":"http:\/\/www.fontaneroygas.es\/averias\/wp-json\/wp\/v2\/tags?post=76"}],"curies":[{"name":"wp","href":"https:\/\/api.w.org\/{rel}","templated":true}]}}