{"id":54,"count":5,"description":"<a href=\"http:\/\/www.fontaneroygas.es\/averias\/wp-content\/uploads\/2017\/01\/IMG_20151003_135051.jpg\"><span style=\"color: #333333;\">\u00a0 \u00a0 \u00a0 \u00a0 \u00a0 \u00a0 \u00a0 \u00a0 \u00a0 \u00a0 \u00a0 \u00a0 \u00a0 \u00a0 \u00a0 \u00a0 \u00a0 \u00a0 \u00a0 \u00a0 \u00a0 \u00a0 Reparaci\u00f3n de calderas\u00a0 diagn\u00f3stico y detecci\u00f3n de aver\u00edas en las calderas, calentadores de gas, fugas \u00a0gas, goteos p\u00e9rdida de presi\u00f3n, sobrepresi\u00f3n y sobrecalentamiento<\/span><\/a><a href=\"http:\/\/www.fontaneroygas.es\/averias\/wp-content\/uploads\/2017\/01\/IMG_20151019_111933.jpg\">\r\n<img class=\"alignleft size-medium wp-image-425\" src=\"http:\/\/www.fontaneroygas.es\/averias\/wp-content\/uploads\/2017\/01\/IMG_20151019_111933-225x300.jpg\" alt=\"\" width=\"225\" height=\"300\" \/><\/a>\u00a0en caldera y calefacci\u00f3n, urgencias.\r\n\r\nAver\u00edas y reparaciones urgentes de calefacci\u00f3n Madrid Norte: Ajalvir - Algete - Camarma de Esteruelas - Cobe\u00f1a - Daganzo de Arriba - Fresno de Torote - Fuente El Saz de Jarama - Fuente de Fresno - Meco - El Molar - Paracuellos de Jarama - Pedrezuela - Ribatejada - San Agust\u00edn del Guadalix - Santo Domingo - Talamanca de Jarama - Valdeavero - Valdeolmos - Alalpardo - Valdepi\u00e9lagos - Valdetorres de Jarama\r\n\r\nServicio de urgencia en reparaciones de calderas, disponibles las 24h los 365 dias del a\u00f1o, incluso festivos.\r\n\r\nReparamos todo tipo de aver\u00edas y realizamos servicios de mantenimiento relacionados con tu sistema de Calefacci\u00f3n: Calderas, calentadores, tuber\u00edas, Gas, fugas, revisiones de Gas, acumuladores, termos, radiadores.\r\n\r\nReparamos cualquier tipo de caldera, radiadores, circuitos de calefacci\u00f3n en Madrid, tanto urgentes como sin urgencia.\r\n\r\nSi su caldera no enciende o no calienta lo suficiente lo revisamos y reparamos en el menos tiempo posible para que no se quede sin calefacci\u00f3n. No pase fr\u00edo esperando al t\u00e9cnico de la caldera. Reparamos todo tipo de marcas de calderas, termos y calentadores de:\u00a0 \u00a0Ariston, Saunier Duval, Junkers, Fagor, Cointra, Vaillant, Chaffoteaux, Baxiroca, Ferroli","link":"https:\/\/www.fontaneroygas.es\/averias\/category\/reparacion-de-calderas-e-instalaciones-de-gas-calderas-y-calefaccion\/reparacion-de-calderas-diagnostico-y-deteccion-de-averias\/","name":"REPARACI\u00d3N DE CALDERAS DIAGN\u00d3STICO Y DETECCI\u00d3N DE AVER\u00cdAS","slug":"reparacion-de-calderas-diagnostico-y-deteccion-de-averias","taxonomy":"category","parent":43,"meta":[],"yoast_head":"<!-- This site is optimized with the Yoast SEO plugin v20.5 - https:\/\/yoast.com\/wordpress\/plugins\/seo\/ -->\n<title>Reparaci\u00f3n de calderas diagn\u00f3stico y detecci\u00f3n de aver\u00edas<\/title>\n<meta name=\"description\" content=\"Reparaci\u00f3n de calderas diagn\u00f3stico y detecci\u00f3n de aver\u00edas en calderas y calefacci\u00f3n, servicios de reparaci\u00f3n en domicilio de calderas y calentadores de gas,\" \/>\n<meta name=\"robots\" content=\"index, follow, max-snippet:-1, max-image-preview:large, max-video-preview:-1\" \/>\n<link rel=\"canonical\" href=\"https:\/\/www.fontaneroygas.es\/averias\/category\/reparacion-de-calderas-e-instalaciones-de-gas-calderas-y-calefaccion\/reparacion-de-calderas-diagnostico-y-deteccion-de-averias\/\" \/>\n<meta property=\"og:locale\" content=\"es_ES\" \/>\n<meta property=\"og:type\" content=\"article\" \/>\n<meta property=\"og:title\" content=\"Reparaci\u00f3n de calderas diagn\u00f3stico y detecci\u00f3n de aver\u00edas\" \/>\n<meta property=\"og:description\" content=\"Reparaci\u00f3n de calderas diagn\u00f3stico y detecci\u00f3n de aver\u00edas en calderas y calefacci\u00f3n, servicios de reparaci\u00f3n en domicilio de calderas y calentadores de gas,\" \/>\n<meta property=\"og:url\" content=\"https:\/\/www.fontaneroygas.es\/averias\/category\/reparacion-de-calderas-e-instalaciones-de-gas-calderas-y-calefaccion\/reparacion-de-calderas-diagnostico-y-deteccion-de-averias\/\" \/>\n<meta property=\"og:site_name\" content=\"REPARACION DE CALDERAS E INSTALACIONES DE GAS Y CALEFACCI\u00d3N\" \/>\n<meta property=\"og:image\" content=\"http:\/\/www.fontaneroygas.es\/averias\/wp-content\/uploads\/2017\/01\/IMG_20151019_111933-225x300.jpg\" \/>\n<meta name=\"twitter:card\" content=\"summary_large_image\" \/>\n<script type=\"application\/ld+json\" class=\"yoast-schema-graph\">{\"@context\":\"https:\/\/schema.org\",\"@graph\":[{\"@type\":\"CollectionPage\",\"@id\":\"https:\/\/www.fontaneroygas.es\/averias\/category\/reparacion-de-calderas-e-instalaciones-de-gas-calderas-y-calefaccion\/reparacion-de-calderas-diagnostico-y-deteccion-de-averias\/\",\"url\":\"https:\/\/www.fontaneroygas.es\/averias\/category\/reparacion-de-calderas-e-instalaciones-de-gas-calderas-y-calefaccion\/reparacion-de-calderas-diagnostico-y-deteccion-de-averias\/\",\"name\":\"Reparaci\u00f3n de calderas diagn\u00f3stico y detecci\u00f3n de aver\u00edas\",\"isPartOf\":{\"@id\":\"https:\/\/www.fontaneroygas.es\/averias\/#website\"},\"description\":\"Reparaci\u00f3n de calderas diagn\u00f3stico y detecci\u00f3n de aver\u00edas en calderas y calefacci\u00f3n, servicios de reparaci\u00f3n en domicilio de calderas y calentadores de gas,\",\"breadcrumb\":{\"@id\":\"https:\/\/www.fontaneroygas.es\/averias\/category\/reparacion-de-calderas-e-instalaciones-de-gas-calderas-y-calefaccion\/reparacion-de-calderas-diagnostico-y-deteccion-de-averias\/#breadcrumb\"},\"inLanguage\":\"es\"},{\"@type\":\"BreadcrumbList\",\"@id\":\"https:\/\/www.fontaneroygas.es\/averias\/category\/reparacion-de-calderas-e-instalaciones-de-gas-calderas-y-calefaccion\/reparacion-de-calderas-diagnostico-y-deteccion-de-averias\/#breadcrumb\",\"itemListElement\":[{\"@type\":\"ListItem\",\"position\":1,\"name\":\"inicio\",\"item\":\"https:\/\/www.fontaneroygas.es\/averias\/\"},{\"@type\":\"ListItem\",\"position\":2,\"name\":\"REPARACION DE CALDERAS E INSTALACIONES DE GAS CALDERAS Y CALEFACCI\u00d3N\",\"item\":\"https:\/\/www.fontaneroygas.es\/averias\/category\/reparacion-de-calderas-e-instalaciones-de-gas-calderas-y-calefaccion\/\"},{\"@type\":\"ListItem\",\"position\":3,\"name\":\"REPARACI\u00d3N DE CALDERAS DIAGN\u00d3STICO Y DETECCI\u00d3N DE AVER\u00cdAS\"}]},{\"@type\":\"WebSite\",\"@id\":\"https:\/\/www.fontaneroygas.es\/averias\/#website\",\"url\":\"https:\/\/www.fontaneroygas.es\/averias\/\",\"name\":\"Reparacion de calderas, instalaciones de gas, calefacci\u00f3n\",\"description\":\" \",\"publisher\":{\"@id\":\"https:\/\/www.fontaneroygas.es\/averias\/#\/schema\/person\/b3811899428677ec8d60bf476870968f\"},\"potentialAction\":[{\"@type\":\"SearchAction\",\"target\":{\"@type\":\"EntryPoint\",\"urlTemplate\":\"https:\/\/www.fontaneroygas.es\/averias\/?s={search_term_string}\"},\"query-input\":\"required name=search_term_string\"}],\"inLanguage\":\"es\"},{\"@type\":[\"Person\",\"Organization\"],\"@id\":\"https:\/\/www.fontaneroygas.es\/averias\/#\/schema\/person\/b3811899428677ec8d60bf476870968f\",\"name\":\"fonta-gas\",\"image\":{\"@type\":\"ImageObject\",\"inLanguage\":\"es\",\"@id\":\"https:\/\/www.fontaneroygas.es\/averias\/#\/schema\/person\/image\/\",\"url\":\"https:\/\/secure.gravatar.com\/avatar\/5c386f1ce0a8331061d80e2c5f6504c8?s=96&d=mm&r=g\",\"contentUrl\":\"https:\/\/secure.gravatar.com\/avatar\/5c386f1ce0a8331061d80e2c5f6504c8?s=96&d=mm&r=g\",\"caption\":\"fonta-gas\"},\"logo\":{\"@id\":\"https:\/\/www.fontaneroygas.es\/averias\/#\/schema\/person\/image\/\"}}]}<\/script>\n<!-- \/ Yoast SEO plugin. -->","yoast_head_json":{"title":"Reparaci\u00f3n de calderas diagn\u00f3stico y detecci\u00f3n de aver\u00edas","description":"Reparaci\u00f3n de calderas diagn\u00f3stico y detecci\u00f3n de aver\u00edas en calderas y calefacci\u00f3n, servicios de reparaci\u00f3n en domicilio de calderas y calentadores de gas,","robots":{"index":"index","follow":"follow","max-snippet":"max-snippet:-1","max-image-preview":"max-image-preview:large","max-video-preview":"max-video-preview:-1"},"canonical":"https:\/\/www.fontaneroygas.es\/averias\/category\/reparacion-de-calderas-e-instalaciones-de-gas-calderas-y-calefaccion\/reparacion-de-calderas-diagnostico-y-deteccion-de-averias\/","og_locale":"es_ES","og_type":"article","og_title":"Reparaci\u00f3n de calderas diagn\u00f3stico y detecci\u00f3n de aver\u00edas","og_description":"Reparaci\u00f3n de calderas diagn\u00f3stico y detecci\u00f3n de aver\u00edas en calderas y calefacci\u00f3n, servicios de reparaci\u00f3n en domicilio de calderas y calentadores de gas,","og_url":"https:\/\/www.fontaneroygas.es\/averias\/category\/reparacion-de-calderas-e-instalaciones-de-gas-calderas-y-calefaccion\/reparacion-de-calderas-diagnostico-y-deteccion-de-averias\/","og_site_name":"REPARACION DE CALDERAS E INSTALACIONES DE GAS Y CALEFACCI\u00d3N","og_image":[{"url":"http:\/\/www.fontaneroygas.es\/averias\/wp-content\/uploads\/2017\/01\/IMG_20151019_111933-225x300.jpg"}],"twitter_card":"summary_large_image","schema":{"@context":"https:\/\/schema.org","@graph":[{"@type":"CollectionPage","@id":"https:\/\/www.fontaneroygas.es\/averias\/category\/reparacion-de-calderas-e-instalaciones-de-gas-calderas-y-calefaccion\/reparacion-de-calderas-diagnostico-y-deteccion-de-averias\/","url":"https:\/\/www.fontaneroygas.es\/averias\/category\/reparacion-de-calderas-e-instalaciones-de-gas-calderas-y-calefaccion\/reparacion-de-calderas-diagnostico-y-deteccion-de-averias\/","name":"Reparaci\u00f3n de calderas diagn\u00f3stico y detecci\u00f3n de aver\u00edas","isPartOf":{"@id":"https:\/\/www.fontaneroygas.es\/averias\/#website"},"description":"Reparaci\u00f3n de calderas diagn\u00f3stico y detecci\u00f3n de aver\u00edas en calderas y calefacci\u00f3n, servicios de reparaci\u00f3n en domicilio de calderas y calentadores de gas,","breadcrumb":{"@id":"https:\/\/www.fontaneroygas.es\/averias\/category\/reparacion-de-calderas-e-instalaciones-de-gas-calderas-y-calefaccion\/reparacion-de-calderas-diagnostico-y-deteccion-de-averias\/#breadcrumb"},"inLanguage":"es"},{"@type":"BreadcrumbList","@id":"https:\/\/www.fontaneroygas.es\/averias\/category\/reparacion-de-calderas-e-instalaciones-de-gas-calderas-y-calefaccion\/reparacion-de-calderas-diagnostico-y-deteccion-de-averias\/#breadcrumb","itemListElement":[{"@type":"ListItem","position":1,"name":"inicio","item":"https:\/\/www.fontaneroygas.es\/averias\/"},{"@type":"ListItem","position":2,"name":"REPARACION DE CALDERAS E INSTALACIONES DE GAS CALDERAS Y CALEFACCI\u00d3N","item":"https:\/\/www.fontaneroygas.es\/averias\/category\/reparacion-de-calderas-e-instalaciones-de-gas-calderas-y-calefaccion\/"},{"@type":"ListItem","position":3,"name":"REPARACI\u00d3N DE CALDERAS DIAGN\u00d3STICO Y DETECCI\u00d3N DE AVER\u00cdAS"}]},{"@type":"WebSite","@id":"https:\/\/www.fontaneroygas.es\/averias\/#website","url":"https:\/\/www.fontaneroygas.es\/averias\/","name":"Reparacion de calderas, instalaciones de gas, calefacci\u00f3n","description":" ","publisher":{"@id":"https:\/\/www.fontaneroygas.es\/averias\/#\/schema\/person\/b3811899428677ec8d60bf476870968f"},"potentialAction":[{"@type":"SearchAction","target":{"@type":"EntryPoint","urlTemplate":"https:\/\/www.fontaneroygas.es\/averias\/?s={search_term_string}"},"query-input":"required name=search_term_string"}],"inLanguage":"es"},{"@type":["Person","Organization"],"@id":"https:\/\/www.fontaneroygas.es\/averias\/#\/schema\/person\/b3811899428677ec8d60bf476870968f","name":"fonta-gas","image":{"@type":"ImageObject","inLanguage":"es","@id":"https:\/\/www.fontaneroygas.es\/averias\/#\/schema\/person\/image\/","url":"https:\/\/secure.gravatar.com\/avatar\/5c386f1ce0a8331061d80e2c5f6504c8?s=96&d=mm&r=g","contentUrl":"https:\/\/secure.gravatar.com\/avatar\/5c386f1ce0a8331061d80e2c5f6504c8?s=96&d=mm&r=g","caption":"fonta-gas"},"logo":{"@id":"https:\/\/www.fontaneroygas.es\/averias\/#\/schema\/person\/image\/"}}]}},"_links":{"self":[{"href":"https:\/\/www.fontaneroygas.es\/averias\/wp-json\/wp\/v2\/categories\/54"}],"collection":[{"href":"https:\/\/www.fontaneroygas.es\/averias\/wp-json\/wp\/v2\/categories"}],"about":[{"href":"https:\/\/www.fontaneroygas.es\/averias\/wp-json\/wp\/v2\/taxonomies\/category"}],"up":[{"embeddable":true,"href":"https:\/\/www.fontaneroygas.es\/averias\/wp-json\/wp\/v2\/categories\/43"}],"wp:post_type":[{"href":"https:\/\/www.fontaneroygas.es\/averias\/wp-json\/wp\/v2\/posts?categories=54"}],"curies":[{"name":"wp","href":"https:\/\/api.w.org\/{rel}","templated":true}]}}